{"id":9484,"date":"2024-03-11T19:43:47","date_gmt":"2024-03-11T19:43:47","guid":{"rendered":"https:\/\/liceofrancesmoliere.es\/baccalaureat-international-et-selectividad-lentree-a-luniversite-en-espagne\/"},"modified":"2024-03-11T19:47:59","modified_gmt":"2024-03-11T19:47:59","slug":"baccalaureat-international-et-selectividad-lentree-a-luniversite-en-espagne","status":"publish","type":"post","link":"https:\/\/liceofrancesmoliere.es\/fr\/baccalaureat-international-et-selectividad-lentree-a-luniversite-en-espagne\/","title":{"rendered":"Baccalaur\u00e9at international et Selectividad : l&rsquo;entr\u00e9e \u00e0 l&rsquo;universit\u00e9 en Espagne"},"content":{"rendered":"\n<p>Le <strong>baccalaur\u00e9at international<\/strong> est un <strong>programme de renomm\u00e9e mondiale qui pr\u00e9pare les \u00e9l\u00e8ves \u00e0 l&rsquo;universit\u00e9 et \u00e0 la vie professionnelle<\/strong>. Pour acc\u00e9der \u00e0 l&rsquo;universit\u00e9 \u00e0 partir du baccalaur\u00e9at international en Espagne, il est n\u00e9cessaire d&rsquo;obtenir l&rsquo;accr\u00e9ditation Asiss de l&rsquo;UNED et de calculer la note d&rsquo;acc\u00e8s en ajoutant des points \u00e0 la moyenne des mati\u00e8res, ainsi qu&rsquo;en tenant compte des crit\u00e8res d&rsquo;admission de chaque universit\u00e9.<\/p>\n\n<p>L&rsquo;acc\u00e8s par l&rsquo;IB offre des avantages tels que la validation des r\u00e9sultats du dipl\u00f4me et l&rsquo;obtention de cr\u00e9dits acad\u00e9miques.<\/p>\n\n<h2 class=\"wp-block-heading\" id=\"h-informacion-sobre-el-bachillerato-internacional\"><strong>Informations sur le Baccalaur\u00e9at International<\/strong><\/h2>\n\n<p>Le baccalaur\u00e9at international est un programme \u00e9ducatif de renomm\u00e9e mondiale con\u00e7u pour pr\u00e9parer les \u00e9l\u00e8ves \u00e0 l&rsquo;entr\u00e9e \u00e0 l&rsquo;universit\u00e9 et \u00e0 la vie professionnelle.<\/p>\n\n<h3 class=\"wp-block-heading has-medium-font-size\" id=\"h-principales-caracteristicas-del-programa-educativo\">Principales caract\u00e9ristiques du programme \u00e9ducatif<\/h3>\n\n<ul class=\"wp-block-list\">\n<li>Approche holistique du d\u00e9veloppement acad\u00e9mique, personnel et social des \u00e9tudiants.<\/li>\n\n\n\n<li>Une \u00e9ducation fond\u00e9e sur des valeurs universelles telles que l&rsquo;int\u00e9grit\u00e9, l&#8217;empathie et le respect.<\/li>\n\n\n\n<li>L&rsquo;accent est mis sur la pens\u00e9e critique, la communication et le travail d&rsquo;\u00e9quipe.<\/li>\n<\/ul>\n\n<h3 class=\"wp-block-heading has-medium-font-size\" id=\"h-ventajas-del-bachillerato-internacional-en-espana\">Avantages du baccalaur\u00e9at international en Espagne<\/h3>\n\n<ul class=\"wp-block-list\">\n<li>Reconnaissance internationale du programme \u00e9ducatif.<\/li>\n\n\n\n<li>Pr\u00e9paration compl\u00e8te \u00e0 l&rsquo;universit\u00e9 et \u00e0 la vie professionnelle.<\/li>\n\n\n\n<li>D\u00e9veloppement de comp\u00e9tences transversales appr\u00e9ci\u00e9es par les institutions acad\u00e9miques et les employeurs.<\/li>\n<\/ul>\n\n<h3 class=\"wp-block-heading has-medium-font-size\" id=\"h-reconocimiento-global-del-diploma-de-bi\">Reconnaissance mondiale du dipl\u00f4me BI<\/h3>\n\n<p>Le dipl\u00f4me du baccalaur\u00e9at international est largement reconnu dans le monde entier et permet aux \u00e9l\u00e8ves d&rsquo;acc\u00e9der \u00e0 des universit\u00e9s prestigieuses \u00e0 l&rsquo;\u00e9chelle internationale.<\/p>\n\n<h3 class=\"wp-block-heading has-medium-font-size\" id=\"h-acceso-a-la-universidad-desde-el-bachillerato-internacional\">L&rsquo;entr\u00e9e \u00e0 l&rsquo;universit\u00e9 par le baccalaur\u00e9at international<\/h3>\n\n<ul class=\"wp-block-list\">\n<li>Processus d&rsquo;accr\u00e9ditation par l&rsquo;UNED Asiss pour acc\u00e9der \u00e0 l&rsquo;universit\u00e9 en Espagne.<\/li>\n\n\n\n<li>Le dipl\u00f4me d&rsquo;entr\u00e9e est calcul\u00e9 en ajoutant des points \u00e0 la moyenne des mati\u00e8res de l&rsquo;IB.<\/li>\n\n\n\n<li>Possibilit\u00e9s d&rsquo;obtenir des cr\u00e9dits acad\u00e9miques et de valider les r\u00e9sultats du dipl\u00f4me afin d&rsquo;\u00e9viter les examens d&rsquo;entr\u00e9e conventionnels.<\/li>\n<\/ul>\n\n<h2 class=\"wp-block-heading\" id=\"h-acreditacion-uned-asiss\"><strong>Accr\u00e9ditation de l&rsquo;UNED Asiss<\/strong><\/h2>\n\n<p>Le processus d&rsquo;obtention de l&rsquo;<strong>accr\u00e9ditation UNED Asiss est essentiel<\/strong> pour l&rsquo;acc\u00e8s \u00e0 l&rsquo;universit\u00e9 du Baccalaur\u00e9at International en Espagne.<\/p>\n\n<h3 class=\"wp-block-heading has-medium-font-size\" id=\"h-procedimiento-para-obtener-la-acreditacion-uned-asiss\">Proc\u00e9dure d&rsquo;obtention de l&rsquo;accr\u00e9ditation Asiss de l&rsquo;UNED<\/h3>\n\n<ul class=\"wp-block-list\">\n<li>Les \u00e9tudiants doivent autoriser l&rsquo;UNED \u00e0 consulter leur dipl\u00f4me du baccalaur\u00e9at international.<\/li>\n\n\n\n<li>Ensuite, la demande d&rsquo;accr\u00e9ditation se fait via le portail Asiss de l&rsquo;UNED, en suivant les \u00e9tapes indiqu\u00e9es.<\/li>\n\n\n\n<li>Il est important de remplir correctement toutes les donn\u00e9es requises et de joindre la documentation n\u00e9cessaire pour valider le processus.<\/li>\n<\/ul>\n\n<h3 class=\"wp-block-heading has-medium-font-size\" id=\"h-como-consultar-el-resultado-del-diploma-de-bachillerato-internacional\">Comment puis-je v\u00e9rifier les r\u00e9sultats de mon dipl\u00f4me de baccalaur\u00e9at international?<\/h3>\n\n<p>Une fois la consultation autoris\u00e9e, l&rsquo;UNED acc\u00e8de au r\u00e9sultat du dipl\u00f4me du Baccalaur\u00e9at International pour v\u00e9rifier la validit\u00e9 des \u00e9tudes effectu\u00e9es par l&rsquo;\u00e9tudiant.<\/p>\n\n<h3 class=\"wp-block-heading has-medium-font-size\" id=\"h-solicitud-de-preinscripcion-en-la-universidad\">Demande de pr\u00e9inscription \u00e0 l&rsquo;universit\u00e9<\/h3>\n\n<p>Une fois l&rsquo;accr\u00e9ditation UNED Asiss obtenue, les \u00e9tudiants peuvent demander une pr\u00e9-inscription dans l&rsquo;universit\u00e9 de leur choix. Il est important de suivre la proc\u00e9dure \u00e9tablie par chaque institution afin de formaliser correctement l&rsquo;inscription.<\/p>\n\n<h2 class=\"wp-block-heading\" id=\"h-calculo-de-la-nota-de-acceso-a-la-universidad\"><strong>Calcul des notes d&rsquo;entr\u00e9e \u00e0 l&rsquo;universit\u00e9<\/strong><\/h2>\n\n<h3 class=\"wp-block-heading has-medium-font-size\" id=\"h-suma-de-puntos-a-la-nota-media-de-las-asignaturas-del-ib\">Ajout de points \u00e0 la note moyenne obtenue dans les mati\u00e8res de l&rsquo;IB<\/h3>\n\n<p>La note d&rsquo;entr\u00e9e \u00e0 l&rsquo;universit\u00e9 pour les \u00e9l\u00e8ves du BI est calcul\u00e9e en ajoutant 3 points \u00e0 la note moyenne des mati\u00e8res du BI, qui est de 7. Cette somme donne une note finale qui influence directement les chances d&rsquo;admission dans l&rsquo;enseignement sup\u00e9rieur.<\/p>\n\n<h3 class=\"wp-block-heading has-medium-font-size\" id=\"h-otorgamiento-de-puntos-adicionales-por-pruebas-de-competencias-especificas\">Attribution de points suppl\u00e9mentaires pour les tests de comp\u00e9tences sp\u00e9cifiques<\/h3>\n\n<p>En plus de la somme des points correspondant \u00e0 la note moyenne obtenue dans les mati\u00e8res de l&rsquo;IB, les \u00e9l\u00e8ves de l&rsquo;IB ont la possibilit\u00e9 d&rsquo;obtenir jusqu&rsquo;\u00e0 4 points suppl\u00e9mentaires gr\u00e2ce aux tests de comp\u00e9tences sp\u00e9cifiques (PCE) ou \u00e0 la reconnaissance de mati\u00e8res \u00e9quivalentes. Ces points suppl\u00e9mentaires sont d\u00e9cisifs dans le processus d&rsquo;admission \u00e0 l&rsquo;universit\u00e9.<\/p>\n\n<h3 class=\"wp-block-heading has-medium-font-size\" id=\"h-ponderacion-de-asignaturas-en-cada-titulacion-universitaria\">Pond\u00e9ration des mati\u00e8res dans chaque cursus universitaire<\/h3>\n\n<p><strong>Les mati\u00e8res enseign\u00e9es dans le cadre du baccalaur\u00e9at international re\u00e7oivent une pond\u00e9ration sp\u00e9cifique en fonction du dipl\u00f4me universitaire auquel l&rsquo;\u00e9tudiant aspire<\/strong>. Il est essentiel de tenir compte de cette pond\u00e9ration, qui peut varier en fonction du programme choisi et de l&rsquo;universit\u00e9 d&rsquo;accueil. Chaque mati\u00e8re de l&rsquo;IB peut donner lieu \u00e0 un nombre de points diff\u00e9rent en fonction de sa pertinence par rapport \u00e0 la carri\u00e8re choisie.<\/p>\n\n<h2 class=\"wp-block-heading\" id=\"h-admision-en-universidades-espanolas\"><strong>Admission aux universit\u00e9s espagnoles<\/strong><\/h2>\n\n<h3 class=\"wp-block-heading has-medium-font-size\" id=\"h-criterios-de-admision-de-las-universidades-en-espana\">Crit\u00e8res d&rsquo;admission aux universit\u00e9s en Espagne<\/h3>\n\n<p>Pour acc\u00e9der aux universit\u00e9s espagnoles \u00e0 partir de l&rsquo;IB, il est essentiel de conna\u00eetre les crit\u00e8res d&rsquo;admission de chaque \u00e9tablissement. <strong>Chaque universit\u00e9 peut avoir des exigences sp\u00e9cifiques concernant les notes obtenues \u00e0 l&rsquo;IB, les mati\u00e8res suivies et d&rsquo;autres aspects pertinents<\/strong>.<\/p>\n\n<p>Il est important de se renseigner et de conna\u00eetre les crit\u00e8res de chaque universit\u00e9 afin d&rsquo;optimiser les chances d&rsquo;admission et de choisir l&rsquo;option la plus appropri\u00e9e en fonction des pr\u00e9f\u00e9rences acad\u00e9miques et professionnelles de l&rsquo;\u00e9tudiant.<\/p>\n\n<h3 class=\"wp-block-heading has-medium-font-size\" id=\"h-aceptacion-de-la-acreditacion-uned-asiss-y-el-reconocimiento-de-asignaturas\">Acceptation de l&rsquo;accr\u00e9ditation de l&rsquo;UNED Asiss et reconnaissance des mati\u00e8res<\/h3>\n\n<p>Certaines universit\u00e9s espagnoles acceptent l&rsquo;accr\u00e9ditation Asiss de l&rsquo;UNED comme moyen de validation des \u00e9tudes du baccalaur\u00e9at international, ce qui facilite le processus d&rsquo;acc\u00e8s \u00e0 l&rsquo;universit\u00e9. En outre, la reconnaissance de mati\u00e8res \u00e9quivalentes peut \u00eatre un facteur d\u00e9terminant dans la pond\u00e9ration de la note d&rsquo;entr\u00e9e.<\/p>\n\n<p>Il est essentiel de savoir si l&rsquo;universit\u00e9 qui vous int\u00e9resse accepte l&rsquo;accr\u00e9ditation de l&rsquo;UNED Asiss et comment les mati\u00e8res suivies dans le cadre de l&rsquo;IB sont \u00e9valu\u00e9es afin de maximiser les chances d&rsquo;admission.<\/p>\n\n<h2 class=\"wp-block-heading\" id=\"h-ventajas-de-acceder-a-la-universidad-desde-el-bachillerato-internacional\"><strong>Avantages de l&rsquo;acc\u00e8s \u00e0 l&rsquo;universit\u00e9 par le Baccalaur\u00e9at International<\/strong><\/h2>\n\n<p>Le Baccalaur\u00e9at International offre aux \u00e9l\u00e8ves un certain nombre d&rsquo;avantages pour l&rsquo;entr\u00e9e \u00e0 l&rsquo;universit\u00e9, dont certains sont soulign\u00e9s ci-dessous :<\/p>\n\n<ul class=\"wp-block-list\">\n<li><strong>Obtention de cr\u00e9dits acad\u00e9miques pour les cours de l&rsquo;IB avec des notes maxim<\/strong>ales : les \u00e9l\u00e8ves qui passent le baccalaur\u00e9at international et obtiennent des notes maximales dans leurs mati\u00e8res ont la possibilit\u00e9 d&rsquo;obtenir des cr\u00e9dits acad\u00e9miques \u00e0 l&rsquo;universit\u00e9, ce qui leur permet de progresser plus rapidement dans leurs \u00e9tudes sup\u00e9rieures.<\/li>\n\n\n\n<li><strong>Validation des r\u00e9sultats des dipl\u00f4mes sans examens d&rsquo;entr\u00e9e \u00e0 l&rsquo;universit\u00e9<\/strong>L&rsquo;un des principaux avantages du baccalaur\u00e9at international est que les \u00e9tudiants n&rsquo;ont pas besoin de passer les examens traditionnels d&rsquo;entr\u00e9e \u00e0 l&rsquo;universit\u00e9, car le score obtenu au dipl\u00f4me est valid\u00e9 directement par une table de conversion \u00e9tablie, ce qui facilite leur entr\u00e9e dans l&rsquo;enseignement sup\u00e9rieur.<\/li>\n\n\n\n<li><strong>Possibilit\u00e9s de carri\u00e8res universitaires<\/strong> vari\u00e9es : les \u00e9l\u00e8ves de l&rsquo;IB peuvent acc\u00e9der \u00e0 une grande vari\u00e9t\u00e9 de carri\u00e8res universitaires, tant en Espagne qu&rsquo;\u00e0 l&rsquo;\u00e9tranger, gr\u00e2ce \u00e0 la reconnaissance mondiale du programme. Ils ont ainsi la possibilit\u00e9 d&rsquo;explorer diff\u00e9rents domaines d&rsquo;\u00e9tudes et de suivre des parcours acad\u00e9miques diversifi\u00e9s.<\/li>\n\n\n\n<li><strong>Reconnaissance mondiale du dipl\u00f4me du baccalaur\u00e9at international.<\/strong>  Le dipl\u00f4me du baccalaur\u00e9at international est tr\u00e8s appr\u00e9ci\u00e9 par les \u00e9tablissements d&rsquo;enseignement et les employeurs du monde entier en raison de sa rigueur acad\u00e9mique et de l&rsquo;accent mis sur le d\u00e9veloppement holistique des \u00e9l\u00e8ves. Cette reconnaissance mondiale offre aux dipl\u00f4m\u00e9s de l&rsquo;IB des opportunit\u00e9s acad\u00e9miques et professionnelles uniques.<\/li>\n<\/ul>\n\n<p>Le Baccalaur\u00e9at International offre aux \u00e9l\u00e8ves de nombreux avantages pour l&rsquo;entr\u00e9e \u00e0 l&rsquo;universit\u00e9 et la r\u00e9ussite scolaire. En outre, la reconnaissance mondiale du dipl\u00f4me de l&rsquo;IB est un gage de qualit\u00e9 et d&rsquo;excellence de l&rsquo;\u00e9ducation.<\/p>\n\n<h2 class=\"wp-block-heading\" id=\"h-liceo-moliere-y-el-bachillerato-internaciona-l\">Le <strong>Lyc\u00e9e Moli\u00e8re et le Baccalaur\u00e9at International<\/strong><\/h2>\n\n<p>Le Coll\u00e8ge Lyc\u00e9e International Moli\u00e8re est un \u00e9tablissement d&rsquo;enseignement fran\u00e7ais, membre de l&rsquo;<a href=\"https:\/\/www.aefe.fr\/\" target=\"_blank\" rel=\"noreferrer noopener\">AEFE<\/a> (Agence pour l&rsquo;enseignement fran\u00e7ais \u00e0 l&rsquo;\u00e9tranger) et de la <a href=\"https:\/\/www.mlfmonde.org\/\" target=\"_blank\" rel=\"noreferrer noopener\">Mlf<\/a> (Mission la\u00efque fran\u00e7aise), deux institutions internationales fran\u00e7aises. Son mod\u00e8le d&rsquo;enseignement multilingue et international est approuv\u00e9 par le minist\u00e8re fran\u00e7ais et le minist\u00e8re espagnol de l&rsquo;\u00e9ducation et des sports.<\/p>\n\n<p>\u00c0 la fin <strong>de leur parcours universitaire, les \u00e9tudiants acqui\u00e8rent des baccalaur\u00e9ats espagnol et fran\u00e7ais<\/strong>, ainsi qu&rsquo;une large connaissance de la culture anglophone, ce qui leur permet d&rsquo;acc\u00e9der \u00e0 des \u00e9tudes postuniversitaires internationales au-del\u00e0 de l&rsquo;Union europ\u00e9enne.<\/p>\n\n<p>L&rsquo;acc\u00e8s aux universit\u00e9s espagnoles se fait par la reconnaissance du \u00ab\u00a0baccalaur\u00e9at\u00a0\u00bb par le minist\u00e8re espagnol de l&rsquo;\u00e9ducation, par le biais de l&rsquo;accr\u00e9ditation fournie par l&rsquo;UNED.<\/p>\n\n<h3 class=\"wp-block-heading has-medium-font-size\" id=\"h-preparacion-academica\">Pr\u00e9paration acad\u00e9mique<\/h3>\n\n<p>Notre projet \u00e9ducatif est bas\u00e9 sur la construction d&rsquo;un citoyen intelligent, libre et responsable, qui d\u00e9veloppe un esprit critique lui permettant de comprendre la complexit\u00e9 du monde dans lequel il vit. Tout au long de leur scolarit\u00e9, les \u00e9l\u00e8ves auront l&rsquo;occasion d&rsquo;apprendre en <a href=\"https:\/\/liceofrancesmoliere.es\/fr\/lecole-trilingue-avantages-et-considerations\/\">trois langues<\/a>, ce qui leur permet, au-del\u00e0 de l&rsquo;expression, d&rsquo;entra\u00eener leurs fonctions cognitives et d&rsquo;adopter diff\u00e9rentes formes de compr\u00e9hension.<\/p>\n\n<p>Au cours du cycle coll\u00e9gial (ESO), les <strong>\u00e9tudiants approfondissent leurs connaissances gr\u00e2ce \u00e0 une formation personnalis\u00e9e, rapproch\u00e9e et sp\u00e9cialis\u00e9e dans les disciplines<\/strong>. L&rsquo;\u00e9tudiant encourage l&rsquo;autonomie, la culture de l&rsquo;effort et la coop\u00e9ration avec ses pairs. A ce stade, les bases sont pos\u00e9es pour le cycle final du Lyc\u00e9e (Baccalaur\u00e9at). Au lyc\u00e9e, les \u00e9l\u00e8ves de LFIMoli\u00e8re ont l&rsquo;opportunit\u00e9 de participer \u00e0 des <a href=\"https:\/\/liceofrancesmoliere.es\/intercambios-internacionales\/\">\u00e9changes internationaux de<\/a> diff\u00e9rentes natures qui enrichissent \u00e0 la fois leur cursus acad\u00e9mique et leur vie personnelle.  <\/p>\n\n<p>Les enseignants suivent les programmes approuv\u00e9s par le minist\u00e8re fran\u00e7ais de l&rsquo;\u00e9ducation, de la petite section (premi\u00e8re ann\u00e9e de maternelle) au baccalaur\u00e9at (baccalaur\u00e9at et EVAU). Les <strong>programmes de culture, langue et litt\u00e9rature espagnoles et de g\u00e9ographie et histoire de l&rsquo;Espagne \u00e9tablis par le minist\u00e8re de l&rsquo;\u00e9ducation<\/strong>, de la formation professionnelle et du sport sont \u00e9galement enseign\u00e9s. En outre, ces \u00e9tudes de langue et de culture espagnoles leur permettent d&rsquo;obtenir le T\u00edtulo de Graduado en ESO \u00e0 la fin de la 2\u00e8me ann\u00e9e (\u00e9quivalente \u00e0 la 4\u00e8me ann\u00e9e de l&rsquo;enseignement secondaire, obligatoire en Espagne) et le T\u00edtulo de Bachiller, apr\u00e8s avoir obtenu le Baccalaur\u00e9at fran\u00e7ais.<\/p>\n","protected":false},"excerpt":{"rendered":"<p>Le baccalaur\u00e9at international est un programme de renomm\u00e9e mondiale qui pr\u00e9pare les \u00e9l\u00e8ves \u00e0 l&rsquo;universit\u00e9 et \u00e0 la vie professionnelle. Pour acc\u00e9der \u00e0 l&rsquo;universit\u00e9 \u00e0 partir du baccalaur\u00e9at international en Espagne, il est n\u00e9cessaire d&rsquo;obtenir l&rsquo;accr\u00e9ditation Asiss de l&rsquo;UNED et de calculer la note d&rsquo;acc\u00e8s en ajoutant des points \u00e0 la moyenne des mati\u00e8res, ainsi [&hellip;]<\/p>\n","protected":false},"author":5,"featured_media":9475,"comment_status":"open","ping_status":"open","sticky":false,"template":"","format":"standard","meta":{"footnotes":""},"categories":[41],"tags":[],"class_list":["post-9484","post","type-post","status-publish","format-standard","has-post-thumbnail","hentry","category-leducation"],"yoast_head":"<!-- This site is optimized with the Yoast SEO Premium plugin v21.8 (Yoast SEO v27.2) - https:\/\/yoast.com\/product\/yoast-seo-premium-wordpress\/ -->\n<title>Baccalaur\u00e9at international et Selectividad | Lyc\u00e9e Fran\u00e7ais International Moli\u00e8re<\/title>\n<meta name=\"description\" content=\"D\u00e9couvrez comment se d\u00e9roulent les examens d&#039;entr\u00e9e des \u00e9l\u00e8ves du Baccalaur\u00e9at international. S&#039;agit-il du m\u00eame examen que le baccalaur\u00e9at traditionnel? Venez le d\u00e9couvrir!\" \/>\n<meta name=\"robots\" content=\"index, follow, max-snippet:-1, max-image-preview:large, max-video-preview:-1\" \/>\n<link rel=\"canonical\" href=\"https:\/\/liceofrancesmoliere.es\/fr\/baccalaureat-international-et-selectividad-lentree-a-luniversite-en-espagne\/\" \/>\n<meta property=\"og:locale\" content=\"fr_FR\" \/>\n<meta property=\"og:type\" content=\"article\" \/>\n<meta property=\"og:title\" content=\"Baccalaur\u00e9at international et Selectividad : l&#039;entr\u00e9e \u00e0 l&#039;universit\u00e9 en Espagne\" \/>\n<meta property=\"og:description\" content=\"D\u00e9couvrez comment se d\u00e9roulent les examens d&#039;entr\u00e9e des \u00e9l\u00e8ves du Baccalaur\u00e9at international. S&#039;agit-il du m\u00eame examen que le baccalaur\u00e9at traditionnel? Venez le d\u00e9couvrir!\" \/>\n<meta property=\"og:url\" content=\"https:\/\/liceofrancesmoliere.es\/fr\/baccalaureat-international-et-selectividad-lentree-a-luniversite-en-espagne\/\" \/>\n<meta property=\"og:site_name\" content=\"Lyc\u00e9e Fran\u00e7ais International Moli\u00e8re\" \/>\n<meta property=\"article:publisher\" content=\"https:\/\/www.facebook.com\/lyceefrancaismoliere\" \/>\n<meta property=\"article:published_time\" content=\"2024-03-11T19:43:47+00:00\" \/>\n<meta property=\"article:modified_time\" content=\"2024-03-11T19:47:59+00:00\" \/>\n<meta property=\"og:image\" content=\"https:\/\/liceofrancesmoliere.es\/wp-content\/uploads\/bachillerato-internacional-selectividad.jpg\" \/>\n\t<meta property=\"og:image:width\" content=\"1500\" \/>\n\t<meta property=\"og:image:height\" content=\"1001\" \/>\n\t<meta property=\"og:image:type\" content=\"image\/jpeg\" \/>\n<meta name=\"author\" content=\"Lyc\u00e9e Fran\u00e7ais International Moli\u00e8re\" \/>\n<meta name=\"twitter:card\" content=\"summary_large_image\" \/>\n<meta name=\"twitter:creator\" content=\"@lfimoliere\" \/>\n<meta name=\"twitter:site\" content=\"@lfimoliere\" \/>\n<meta name=\"twitter:label1\" content=\"\u00c9crit par\" \/>\n\t<meta name=\"twitter:data1\" content=\"Lyc\u00e9e Fran\u00e7ais International Moli\u00e8re\" \/>\n\t<meta name=\"twitter:label2\" content=\"Dur\u00e9e de lecture estim\u00e9e\" \/>\n\t<meta name=\"twitter:data2\" content=\"8 minutes\" \/>\n<script type=\"application\/ld+json\" class=\"yoast-schema-graph\">{\"@context\":\"https:\/\/schema.org\",\"@graph\":[{\"@type\":\"Article\",\"@id\":\"https:\/\/liceofrancesmoliere.es\/fr\/baccalaureat-international-et-selectividad-lentree-a-luniversite-en-espagne\/#article\",\"isPartOf\":{\"@id\":\"https:\/\/liceofrancesmoliere.es\/fr\/baccalaureat-international-et-selectividad-lentree-a-luniversite-en-espagne\/\"},\"author\":{\"name\":\"Lyc\u00e9e Fran\u00e7ais International Moli\u00e8re\",\"@id\":\"https:\/\/liceofrancesmoliere.es\/fr\/#\/schema\/person\/c5ad9a6029a645c903a5fe693823a9ba\"},\"headline\":\"Baccalaur\u00e9at international et Selectividad : l&rsquo;entr\u00e9e \u00e0 l&rsquo;universit\u00e9 en Espagne\",\"datePublished\":\"2024-03-11T19:43:47+00:00\",\"dateModified\":\"2024-03-11T19:47:59+00:00\",\"mainEntityOfPage\":{\"@id\":\"https:\/\/liceofrancesmoliere.es\/fr\/baccalaureat-international-et-selectividad-lentree-a-luniversite-en-espagne\/\"},\"wordCount\":1785,\"commentCount\":0,\"publisher\":{\"@id\":\"https:\/\/liceofrancesmoliere.es\/fr\/#organization\"},\"image\":{\"@id\":\"https:\/\/liceofrancesmoliere.es\/fr\/baccalaureat-international-et-selectividad-lentree-a-luniversite-en-espagne\/#primaryimage\"},\"thumbnailUrl\":\"https:\/\/liceofrancesmoliere.es\/wp-content\/uploads\/bachillerato-internacional-selectividad.jpg\",\"articleSection\":[\"L'\u00e9ducation\"],\"inLanguage\":\"fr-FR\"},{\"@type\":\"WebPage\",\"@id\":\"https:\/\/liceofrancesmoliere.es\/fr\/baccalaureat-international-et-selectividad-lentree-a-luniversite-en-espagne\/\",\"url\":\"https:\/\/liceofrancesmoliere.es\/fr\/baccalaureat-international-et-selectividad-lentree-a-luniversite-en-espagne\/\",\"name\":\"Baccalaur\u00e9at international et Selectividad | Lyc\u00e9e Fran\u00e7ais International Moli\u00e8re\",\"isPartOf\":{\"@id\":\"https:\/\/liceofrancesmoliere.es\/fr\/#website\"},\"primaryImageOfPage\":{\"@id\":\"https:\/\/liceofrancesmoliere.es\/fr\/baccalaureat-international-et-selectividad-lentree-a-luniversite-en-espagne\/#primaryimage\"},\"image\":{\"@id\":\"https:\/\/liceofrancesmoliere.es\/fr\/baccalaureat-international-et-selectividad-lentree-a-luniversite-en-espagne\/#primaryimage\"},\"thumbnailUrl\":\"https:\/\/liceofrancesmoliere.es\/wp-content\/uploads\/bachillerato-internacional-selectividad.jpg\",\"datePublished\":\"2024-03-11T19:43:47+00:00\",\"dateModified\":\"2024-03-11T19:47:59+00:00\",\"description\":\"D\u00e9couvrez comment se d\u00e9roulent les examens d'entr\u00e9e des \u00e9l\u00e8ves du Baccalaur\u00e9at international. S'agit-il du m\u00eame examen que le baccalaur\u00e9at traditionnel? Venez le d\u00e9couvrir!\",\"breadcrumb\":{\"@id\":\"https:\/\/liceofrancesmoliere.es\/fr\/baccalaureat-international-et-selectividad-lentree-a-luniversite-en-espagne\/#breadcrumb\"},\"inLanguage\":\"fr-FR\",\"potentialAction\":[{\"@type\":\"ReadAction\",\"target\":[\"https:\/\/liceofrancesmoliere.es\/fr\/baccalaureat-international-et-selectividad-lentree-a-luniversite-en-espagne\/\"]}]},{\"@type\":\"ImageObject\",\"inLanguage\":\"fr-FR\",\"@id\":\"https:\/\/liceofrancesmoliere.es\/fr\/baccalaureat-international-et-selectividad-lentree-a-luniversite-en-espagne\/#primaryimage\",\"url\":\"https:\/\/liceofrancesmoliere.es\/wp-content\/uploads\/bachillerato-internacional-selectividad.jpg\",\"contentUrl\":\"https:\/\/liceofrancesmoliere.es\/wp-content\/uploads\/bachillerato-internacional-selectividad.jpg\",\"width\":1500,\"height\":1001},{\"@type\":\"BreadcrumbList\",\"@id\":\"https:\/\/liceofrancesmoliere.es\/fr\/baccalaureat-international-et-selectividad-lentree-a-luniversite-en-espagne\/#breadcrumb\",\"itemListElement\":[{\"@type\":\"ListItem\",\"position\":1,\"name\":\"Portada\",\"item\":\"https:\/\/liceofrancesmoliere.es\/fr\/\"},{\"@type\":\"ListItem\",\"position\":2,\"name\":\"Baccalaur\u00e9at international et Selectividad : l&#8217;entr\u00e9e \u00e0 l&#8217;universit\u00e9 en Espagne\"}]},{\"@type\":\"WebSite\",\"@id\":\"https:\/\/liceofrancesmoliere.es\/fr\/#website\",\"url\":\"https:\/\/liceofrancesmoliere.es\/fr\/\",\"name\":\"Lyc\u00e9e Fran\u00e7ais International Moli\u00e8re\",\"description\":\"Colegio franc\u00e9s Internacional trinling\u00fce\",\"publisher\":{\"@id\":\"https:\/\/liceofrancesmoliere.es\/fr\/#organization\"},\"alternateName\":\"LFIM Villanueva de la Ca\u00f1ada\",\"potentialAction\":[{\"@type\":\"SearchAction\",\"target\":{\"@type\":\"EntryPoint\",\"urlTemplate\":\"https:\/\/liceofrancesmoliere.es\/fr\/?s={search_term_string}\"},\"query-input\":{\"@type\":\"PropertyValueSpecification\",\"valueRequired\":true,\"valueName\":\"search_term_string\"}}],\"inLanguage\":\"fr-FR\"},{\"@type\":\"Organization\",\"@id\":\"https:\/\/liceofrancesmoliere.es\/fr\/#organization\",\"name\":\"Lyc\u00e9e Fran\u00e7ais International Moli\u00e8re, Villanueva de la Ca\u00f1ada\",\"alternateName\":\"LFIM Villanueva de la Ca\u00f1ada\",\"url\":\"https:\/\/liceofrancesmoliere.es\/fr\/\",\"logo\":{\"@type\":\"ImageObject\",\"inLanguage\":\"fr-FR\",\"@id\":\"https:\/\/liceofrancesmoliere.es\/fr\/#\/schema\/logo\/image\/\",\"url\":\"https:\/\/liceofrancesmoliere.es\/wp-content\/uploads\/Logo-web-nueva-color-correcto.png\",\"contentUrl\":\"https:\/\/liceofrancesmoliere.es\/wp-content\/uploads\/Logo-web-nueva-color-correcto.png\",\"width\":184,\"height\":61,\"caption\":\"Lyc\u00e9e Fran\u00e7ais International Moli\u00e8re, Villanueva de la Ca\u00f1ada\"},\"image\":{\"@id\":\"https:\/\/liceofrancesmoliere.es\/fr\/#\/schema\/logo\/image\/\"},\"sameAs\":[\"https:\/\/www.facebook.com\/lyceefrancaismoliere\",\"https:\/\/x.com\/lfimoliere\",\"https:\/\/www.instagram.com\/lyceefrancaismoliere\/\",\"https:\/\/www.youtube.com\/user\/LyceeMoliereVVA\",\"https:\/\/www.linkedin.com\/in\/lfimoliere\/\"]},{\"@type\":\"Person\",\"@id\":\"https:\/\/liceofrancesmoliere.es\/fr\/#\/schema\/person\/c5ad9a6029a645c903a5fe693823a9ba\",\"name\":\"Lyc\u00e9e Fran\u00e7ais International Moli\u00e8re\",\"image\":{\"@type\":\"ImageObject\",\"inLanguage\":\"fr-FR\",\"@id\":\"https:\/\/liceofrancesmoliere.es\/wp-content\/litespeed\/avatar\/e32852083fea09cf04273b3b4bfb33b0.jpg?ver=1777295926\",\"url\":\"https:\/\/liceofrancesmoliere.es\/wp-content\/litespeed\/avatar\/e32852083fea09cf04273b3b4bfb33b0.jpg?ver=1777295926\",\"contentUrl\":\"https:\/\/liceofrancesmoliere.es\/wp-content\/litespeed\/avatar\/e32852083fea09cf04273b3b4bfb33b0.jpg?ver=1777295926\",\"caption\":\"Lyc\u00e9e Fran\u00e7ais International Moli\u00e8re\"},\"sameAs\":[\"https:\/\/liceofrancesmoliere.es\/\"],\"url\":\"https:\/\/liceofrancesmoliere.es\/fr\/author\/beatriz_dircom\/\"}]}<\/script>\n<!-- \/ Yoast SEO Premium plugin. -->","yoast_head_json":{"title":"Baccalaur\u00e9at international et Selectividad | Lyc\u00e9e Fran\u00e7ais International Moli\u00e8re","description":"D\u00e9couvrez comment se d\u00e9roulent les examens d'entr\u00e9e des \u00e9l\u00e8ves du Baccalaur\u00e9at international. S'agit-il du m\u00eame examen que le baccalaur\u00e9at traditionnel? Venez le d\u00e9couvrir!","robots":{"index":"index","follow":"follow","max-snippet":"max-snippet:-1","max-image-preview":"max-image-preview:large","max-video-preview":"max-video-preview:-1"},"canonical":"https:\/\/liceofrancesmoliere.es\/fr\/baccalaureat-international-et-selectividad-lentree-a-luniversite-en-espagne\/","og_locale":"fr_FR","og_type":"article","og_title":"Baccalaur\u00e9at international et Selectividad : l'entr\u00e9e \u00e0 l'universit\u00e9 en Espagne","og_description":"D\u00e9couvrez comment se d\u00e9roulent les examens d'entr\u00e9e des \u00e9l\u00e8ves du Baccalaur\u00e9at international. S'agit-il du m\u00eame examen que le baccalaur\u00e9at traditionnel? Venez le d\u00e9couvrir!","og_url":"https:\/\/liceofrancesmoliere.es\/fr\/baccalaureat-international-et-selectividad-lentree-a-luniversite-en-espagne\/","og_site_name":"Lyc\u00e9e Fran\u00e7ais International Moli\u00e8re","article_publisher":"https:\/\/www.facebook.com\/lyceefrancaismoliere","article_published_time":"2024-03-11T19:43:47+00:00","article_modified_time":"2024-03-11T19:47:59+00:00","og_image":[{"width":1500,"height":1001,"url":"https:\/\/liceofrancesmoliere.es\/wp-content\/uploads\/bachillerato-internacional-selectividad.jpg","type":"image\/jpeg"}],"author":"Lyc\u00e9e Fran\u00e7ais International Moli\u00e8re","twitter_card":"summary_large_image","twitter_creator":"@lfimoliere","twitter_site":"@lfimoliere","twitter_misc":{"\u00c9crit par":"Lyc\u00e9e Fran\u00e7ais International Moli\u00e8re","Dur\u00e9e de lecture estim\u00e9e":"8 minutes"},"schema":{"@context":"https:\/\/schema.org","@graph":[{"@type":"Article","@id":"https:\/\/liceofrancesmoliere.es\/fr\/baccalaureat-international-et-selectividad-lentree-a-luniversite-en-espagne\/#article","isPartOf":{"@id":"https:\/\/liceofrancesmoliere.es\/fr\/baccalaureat-international-et-selectividad-lentree-a-luniversite-en-espagne\/"},"author":{"name":"Lyc\u00e9e Fran\u00e7ais International Moli\u00e8re","@id":"https:\/\/liceofrancesmoliere.es\/fr\/#\/schema\/person\/c5ad9a6029a645c903a5fe693823a9ba"},"headline":"Baccalaur\u00e9at international et Selectividad : l&rsquo;entr\u00e9e \u00e0 l&rsquo;universit\u00e9 en Espagne","datePublished":"2024-03-11T19:43:47+00:00","dateModified":"2024-03-11T19:47:59+00:00","mainEntityOfPage":{"@id":"https:\/\/liceofrancesmoliere.es\/fr\/baccalaureat-international-et-selectividad-lentree-a-luniversite-en-espagne\/"},"wordCount":1785,"commentCount":0,"publisher":{"@id":"https:\/\/liceofrancesmoliere.es\/fr\/#organization"},"image":{"@id":"https:\/\/liceofrancesmoliere.es\/fr\/baccalaureat-international-et-selectividad-lentree-a-luniversite-en-espagne\/#primaryimage"},"thumbnailUrl":"https:\/\/liceofrancesmoliere.es\/wp-content\/uploads\/bachillerato-internacional-selectividad.jpg","articleSection":["L'\u00e9ducation"],"inLanguage":"fr-FR"},{"@type":"WebPage","@id":"https:\/\/liceofrancesmoliere.es\/fr\/baccalaureat-international-et-selectividad-lentree-a-luniversite-en-espagne\/","url":"https:\/\/liceofrancesmoliere.es\/fr\/baccalaureat-international-et-selectividad-lentree-a-luniversite-en-espagne\/","name":"Baccalaur\u00e9at international et Selectividad | Lyc\u00e9e Fran\u00e7ais International Moli\u00e8re","isPartOf":{"@id":"https:\/\/liceofrancesmoliere.es\/fr\/#website"},"primaryImageOfPage":{"@id":"https:\/\/liceofrancesmoliere.es\/fr\/baccalaureat-international-et-selectividad-lentree-a-luniversite-en-espagne\/#primaryimage"},"image":{"@id":"https:\/\/liceofrancesmoliere.es\/fr\/baccalaureat-international-et-selectividad-lentree-a-luniversite-en-espagne\/#primaryimage"},"thumbnailUrl":"https:\/\/liceofrancesmoliere.es\/wp-content\/uploads\/bachillerato-internacional-selectividad.jpg","datePublished":"2024-03-11T19:43:47+00:00","dateModified":"2024-03-11T19:47:59+00:00","description":"D\u00e9couvrez comment se d\u00e9roulent les examens d'entr\u00e9e des \u00e9l\u00e8ves du Baccalaur\u00e9at international. S'agit-il du m\u00eame examen que le baccalaur\u00e9at traditionnel? Venez le d\u00e9couvrir!","breadcrumb":{"@id":"https:\/\/liceofrancesmoliere.es\/fr\/baccalaureat-international-et-selectividad-lentree-a-luniversite-en-espagne\/#breadcrumb"},"inLanguage":"fr-FR","potentialAction":[{"@type":"ReadAction","target":["https:\/\/liceofrancesmoliere.es\/fr\/baccalaureat-international-et-selectividad-lentree-a-luniversite-en-espagne\/"]}]},{"@type":"ImageObject","inLanguage":"fr-FR","@id":"https:\/\/liceofrancesmoliere.es\/fr\/baccalaureat-international-et-selectividad-lentree-a-luniversite-en-espagne\/#primaryimage","url":"https:\/\/liceofrancesmoliere.es\/wp-content\/uploads\/bachillerato-internacional-selectividad.jpg","contentUrl":"https:\/\/liceofrancesmoliere.es\/wp-content\/uploads\/bachillerato-internacional-selectividad.jpg","width":1500,"height":1001},{"@type":"BreadcrumbList","@id":"https:\/\/liceofrancesmoliere.es\/fr\/baccalaureat-international-et-selectividad-lentree-a-luniversite-en-espagne\/#breadcrumb","itemListElement":[{"@type":"ListItem","position":1,"name":"Portada","item":"https:\/\/liceofrancesmoliere.es\/fr\/"},{"@type":"ListItem","position":2,"name":"Baccalaur\u00e9at international et Selectividad : l&#8217;entr\u00e9e \u00e0 l&#8217;universit\u00e9 en Espagne"}]},{"@type":"WebSite","@id":"https:\/\/liceofrancesmoliere.es\/fr\/#website","url":"https:\/\/liceofrancesmoliere.es\/fr\/","name":"Lyc\u00e9e Fran\u00e7ais International Moli\u00e8re","description":"Colegio franc\u00e9s Internacional trinling\u00fce","publisher":{"@id":"https:\/\/liceofrancesmoliere.es\/fr\/#organization"},"alternateName":"LFIM Villanueva de la Ca\u00f1ada","potentialAction":[{"@type":"SearchAction","target":{"@type":"EntryPoint","urlTemplate":"https:\/\/liceofrancesmoliere.es\/fr\/?s={search_term_string}"},"query-input":{"@type":"PropertyValueSpecification","valueRequired":true,"valueName":"search_term_string"}}],"inLanguage":"fr-FR"},{"@type":"Organization","@id":"https:\/\/liceofrancesmoliere.es\/fr\/#organization","name":"Lyc\u00e9e Fran\u00e7ais International Moli\u00e8re, Villanueva de la Ca\u00f1ada","alternateName":"LFIM Villanueva de la Ca\u00f1ada","url":"https:\/\/liceofrancesmoliere.es\/fr\/","logo":{"@type":"ImageObject","inLanguage":"fr-FR","@id":"https:\/\/liceofrancesmoliere.es\/fr\/#\/schema\/logo\/image\/","url":"https:\/\/liceofrancesmoliere.es\/wp-content\/uploads\/Logo-web-nueva-color-correcto.png","contentUrl":"https:\/\/liceofrancesmoliere.es\/wp-content\/uploads\/Logo-web-nueva-color-correcto.png","width":184,"height":61,"caption":"Lyc\u00e9e Fran\u00e7ais International Moli\u00e8re, Villanueva de la Ca\u00f1ada"},"image":{"@id":"https:\/\/liceofrancesmoliere.es\/fr\/#\/schema\/logo\/image\/"},"sameAs":["https:\/\/www.facebook.com\/lyceefrancaismoliere","https:\/\/x.com\/lfimoliere","https:\/\/www.instagram.com\/lyceefrancaismoliere\/","https:\/\/www.youtube.com\/user\/LyceeMoliereVVA","https:\/\/www.linkedin.com\/in\/lfimoliere\/"]},{"@type":"Person","@id":"https:\/\/liceofrancesmoliere.es\/fr\/#\/schema\/person\/c5ad9a6029a645c903a5fe693823a9ba","name":"Lyc\u00e9e Fran\u00e7ais International Moli\u00e8re","image":{"@type":"ImageObject","inLanguage":"fr-FR","@id":"https:\/\/liceofrancesmoliere.es\/wp-content\/litespeed\/avatar\/e32852083fea09cf04273b3b4bfb33b0.jpg?ver=1777295926","url":"https:\/\/liceofrancesmoliere.es\/wp-content\/litespeed\/avatar\/e32852083fea09cf04273b3b4bfb33b0.jpg?ver=1777295926","contentUrl":"https:\/\/liceofrancesmoliere.es\/wp-content\/litespeed\/avatar\/e32852083fea09cf04273b3b4bfb33b0.jpg?ver=1777295926","caption":"Lyc\u00e9e Fran\u00e7ais International Moli\u00e8re"},"sameAs":["https:\/\/liceofrancesmoliere.es\/"],"url":"https:\/\/liceofrancesmoliere.es\/fr\/author\/beatriz_dircom\/"}]}},"_links":{"self":[{"href":"https:\/\/liceofrancesmoliere.es\/fr\/wp-json\/wp\/v2\/posts\/9484","targetHints":{"allow":["GET"]}}],"collection":[{"href":"https:\/\/liceofrancesmoliere.es\/fr\/wp-json\/wp\/v2\/posts"}],"about":[{"href":"https:\/\/liceofrancesmoliere.es\/fr\/wp-json\/wp\/v2\/types\/post"}],"author":[{"embeddable":true,"href":"https:\/\/liceofrancesmoliere.es\/fr\/wp-json\/wp\/v2\/users\/5"}],"replies":[{"embeddable":true,"href":"https:\/\/liceofrancesmoliere.es\/fr\/wp-json\/wp\/v2\/comments?post=9484"}],"version-history":[{"count":1,"href":"https:\/\/liceofrancesmoliere.es\/fr\/wp-json\/wp\/v2\/posts\/9484\/revisions"}],"predecessor-version":[{"id":9485,"href":"https:\/\/liceofrancesmoliere.es\/fr\/wp-json\/wp\/v2\/posts\/9484\/revisions\/9485"}],"wp:featuredmedia":[{"embeddable":true,"href":"https:\/\/liceofrancesmoliere.es\/fr\/wp-json\/wp\/v2\/media\/9475"}],"wp:attachment":[{"href":"https:\/\/liceofrancesmoliere.es\/fr\/wp-json\/wp\/v2\/media?parent=9484"}],"wp:term":[{"taxonomy":"category","embeddable":true,"href":"https:\/\/liceofrancesmoliere.es\/fr\/wp-json\/wp\/v2\/categories?post=9484"},{"taxonomy":"post_tag","embeddable":true,"href":"https:\/\/liceofrancesmoliere.es\/fr\/wp-json\/wp\/v2\/tags?post=9484"}],"curies":[{"name":"wp","href":"https:\/\/api.w.org\/{rel}","templated":true}]}}