{"id":4394,"date":"2023-03-03T14:22:04","date_gmt":"2023-03-03T14:22:04","guid":{"rendered":"https:\/\/liceofrancesmoliere.es\/une-journee-en-maternelle\/"},"modified":"2024-12-16T19:01:56","modified_gmt":"2024-12-16T19:01:56","slug":"une-journee-en-maternelle","status":"publish","type":"post","link":"https:\/\/liceofrancesmoliere.es\/fr\/une-journee-en-maternelle\/","title":{"rendered":"Une journ\u00e9e en maternelle"},"content":{"rendered":"\t\t<div data-elementor-type=\"wp-post\" data-elementor-id=\"4394\" class=\"elementor elementor-4394 elementor-1\" data-elementor-post-type=\"post\">\n\t\t\t\t\t\t<section class=\"elementor-section elementor-top-section elementor-element elementor-element-66d8720 elementor-section-boxed elementor-section-height-default elementor-section-height-default\" data-id=\"66d8720\" data-element_type=\"section\" data-e-type=\"section\">\n\t\t\t\t\t\t<div class=\"elementor-container elementor-column-gap-default\">\n\t\t\t\t\t<div class=\"elementor-column elementor-col-100 elementor-top-column elementor-element elementor-element-b3de186\" data-id=\"b3de186\" data-element_type=\"column\" data-e-type=\"column\">\n\t\t\t<div class=\"elementor-widget-wrap elementor-element-populated\">\n\t\t\t\t\t\t<div class=\"elementor-element elementor-element-00822e7 elementor-widget elementor-widget-text-editor\" data-id=\"00822e7\" data-element_type=\"widget\" data-e-type=\"widget\" data-widget_type=\"text-editor.default\">\n\t\t\t\t<div class=\"elementor-widget-container\">\n\t\t\t\t\t\t\t\t\t<p class=\"_04xlpA direction-ltr align-start para-style-body\"><strong><span class=\"S1PPyQ\">Une journ\u00e9e en maternelle<\/span><\/strong><\/p>\n<p class=\"_04xlpA direction-ltr align-start para-style-body\"><span class=\"S1PPyQ\">Un c\u00e2lin, un dernier bisou, la ma\u00eetresse d\u00e9j\u00e0 en train d\u2019accueillir votre enfant, vous nous confiez votre enfant pour la journ\u00e9e d\u2019\u00e9cole qui s\u2019ouvre \u00e0 lui\u2026 Bienvenue, le temps<\/span> <span class=\"S1PPyQ\">d\u2019une lecture, dans quelques \u00e9l\u00e9ments de son quotidien, point de vue de d\u2019enfant, point de vue d\u2019\u00e9ducateur !<\/span><\/p>\n<p class=\"_04xlpA direction-ltr align-start para-style-body\"><strong><span class=\"S1PPyQ\">Des routines pour grandir dans un cadre rassurant<\/span><\/strong><\/p>\n<p class=\"_04xlpA direction-ltr align-start para-style-body\"><span class=\"S1PPyQ\">Nous sommes en d\u00e9cembre, les routines de l\u2019arriv\u00e9e dans la classe sont bien en place : traverser le couloir, enlever son manteau et l\u2019accrocher \u00e0 sa place, \u00ab trouver son \u00e9tiquette \u00bb pour se marquer comme pr\u00e9sent, retrouver des visages connus et chercher qui est d\u00e9j\u00e0 arriv\u00e9\u2026 Tout le monde est arriv\u00e9, nous nous retrouvons en cercle pour d\u00e9marrer la journ\u00e9e ; la ma\u00eetresse est assise au sol avec nous, nous comptons les pr\u00e9sents, accueillons ce camarade qui avait \u00e9t\u00e9 absent plusieurs jours, un \u201cgrand\u201d dit quel jour nous sommes et \u00e9crit la date au tableau en s\u2019aidant d\u2019\u00e9tiquettes, des petites nouvelles sont \u00e9chang\u00e9es.  <\/span><span class=\"S1PPyQ\">Ces routines qui rythment la journ\u00e9e aident l\u2019enfant \u00e0 se situer dans l\u2019espace, dans le temps, et dans le groupe avec lequel il vit pendant une ann\u00e9e. La r\u00e9gularit\u00e9 donn\u00e9e par ce cadre rassure l\u2019enfant : il sait comment va se d\u00e9rouler la journ\u00e9e, \u00e0 quel moment il sera avec le groupe, pourra jouer, apprendre, s\u2019entra\u00eener, se d\u00e9tendre, etc. L\u2019\u00e9cole est un lieu d\u2019apprentissage et de socialisation, les moments collectifs construisent un v\u00e9cu commun et contribuent \u00e0 apprendre \u00e0 travailler ensemble, \u00e0 vivre ensemble.  <\/span><\/p>\n<p class=\"_04xlpA direction-ltr align-start para-style-body\"><strong><span class=\"S1PPyQ\">Des modalit\u00e9s d&rsquo;apprentissage sp\u00e9cifiques<\/span><\/strong><\/p>\n<p class=\"_04xlpA direction-ltr align-start para-style-body\"><span class=\"S1PPyQ\">Le temps de travail en atelier commence. Nous pouvons travailler seul, ou \u00e0 plusieurs, ou avec la ma\u00eetresse. Avec elle, nous apprenons quelque chose de nouveau, elle nous montre un atelier, un jeu, nous enseigne comment mieux tenir un stylo, nous fait r\u00e9fl\u00e9chir avec des \u00e9nigmes math\u00e9matiques, nous fait d\u00e9couvrir une technique artistique\u2026 Nous travaillons de la m\u00eame mani\u00e8re parfois avec une autre ma\u00eetresse, ou avec l&rsquo;assistante ; elles nous expliquent, nous encouragent, nous f\u00e9licitent.  <\/span><\/p>\n<p class=\"_04xlpA direction-ltr align-start para-style-body\"><span class=\"S1PPyQ\">Je peux aussi travailler seul : je pr\u00e9pare la place o\u00f9 je veux m&rsquo;installer, \u00e0 une table ou avec un tapis au sol, je vais choisir un atelier que je prends seul, et j&rsquo;essaye, j&rsquo;exp\u00e9rimente, je m&rsquo;entra\u00eene\u2026 Je peux demander de l&rsquo;aide, montrer \u00e0 un camarade, \u00e0 un adulte, prendre mon temps, ou ranger cet atelier et en choisir un autre, peut-\u00eatre refaire celui que je ma\u00eetrise maintenant bien ! J\u2019ai du temps pour apprendre, pour m\u2019entrainer, je me vois en progr\u00e8s, et en r\u00e9ussite. <\/span><\/p>\n<p class=\"_04xlpA direction-ltr align-start para-style-body\"><span class=\"S1PPyQ\">L\u2019enseignant pr\u00e9pare et propose aux enfants des ateliers et jeux diff\u00e9rents en termes de niveau, de comp\u00e9tences \u00e0 travailler, d\u2019int\u00e9r\u00eat des enfants. Choisir parmi ces propositions participent \u00e0 l\u2019apprentissage de l\u2019autonomie intellectuelle et affective : le choix permet \u00e0 certains enfants (ou \u00e0 certains moment de l\u2019apprentissage) une plus grande focalisation sur la t\u00e2che car li\u00e9e \u00e0 leur propre motivation, donne l\u2019opportunit\u00e9 de se perfectionner jusqu\u2019\u00e0 une ma\u00eetrise jug\u00e9e satisfaisante par l\u2019enfant lui-m\u00eame, offre la possibilit\u00e9 de se d\u00e9cider de travailler \u00e0 plusieurs pour r\u00e9ussir ensemble ce qu\u2019on ne peut faire seul, ou simplement partager entre pairs. <\/span><\/p>\n<p class=\"_04xlpA direction-ltr align-start para-style-body\"><span class=\"S1PPyQ\">Nous prenons le temps de terminer notre atelier, de le ranger, passage aux toilettes pour ceux qui en ont besoin, c\u2019est l\u2019heure d\u2019aller en salle de motricit\u00e9 ; chaque jour, nous faisons quelque chose de diff\u00e9rent : de la danse, la danse, des parcours, des jeux collectifs&#8230; D\u2019une semaine \u00e0 l\u2019autre, les jeux propos\u00e9s par la ma\u00eetresse \u00e9voluent avec de nouvelles r\u00e8gles. Les plus petits exp\u00e9rimentent, essaient, osent, puis en grandissant on parle de notre ressenti, de nos strat\u00e9gies pour \u201cmieux faire\u201d.  <\/span><span class=\"S1PPyQ\">Le langage est partie int\u00e9grante du d\u00e9veloppement des aptitudes motrices, sensorielles, cognitives et relationnelles des enfants. Dans tous les domaines, les enseignantes encouragent les enfants \u00e0 s\u2019exprimer sur ce qu\u2019ils ressentent, observent, anticipent : elles les am\u00e8nent \u00e0 passer du \u201cfaire une action\u201d \u00e0 \u201ccomprendre, penser, d\u00e9cider comment agir pour mieux r\u00e9ussir\u201d, seul ou \u00e0 plusieurs. <\/span><\/p>\n<p class=\"_04xlpA direction-ltr align-start para-style-body\"><strong><span class=\"S1PPyQ\">Apprendre ensemble et vivre ensemble<\/span><\/strong><\/p>\n<p class=\"_04xlpA direction-ltr align-start para-style-body\"><span class=\"S1PPyQ\">On traine un peu dans le couloir, on est en train s\u2019organiser pour jouer \u00e0 la marchande : on pourrait aller ramasser des cailloux dans le potager et dire que ce sont des bonbons, et on pourrait les mettre dans un v\u00e9lo avec un panier, Pablo pourrait rouler dans la cour pour dire qu\u2019on vend des bonbons, et Laura serait dans le magasin derri\u00e8re les montagnes pour les vendre, et\u2026 <\/span><span class=\"S1PPyQ\">Naissance de nouvelles amiti\u00e9s, invention d\u2019un jeu, \u00e9changes de v\u00e9los, larmes parce que \u201cc\u2019\u00e9tait pas \u00e7a la r\u00e8gle\u201d&#8230; la r\u00e9cr\u00e9ation est un moment fondamental pour les enfants, au cours duquel ils vont pouvoir d\u00e9cider eux-m\u00eames de leurs activit\u00e9s, et des r\u00e8gles s\u2019y aff\u00e9rant. Qu\u2019il s\u2019agisse de jeux de course, de ballon, dans le bac \u00e0 sable, de jeux d&rsquo;imitation, ils exp\u00e9rimentent la vie en soci\u00e9t\u00e9 au travers des r\u00e8gles qu\u2019ils inventent et s\u2019imposent, mettant en pratique les apprentissages sociaux et culturels qu\u2019ils re\u00e7oivent des adultes. Espace (surveill\u00e9 !) et moment de libert\u00e9, la cour de r\u00e9cr\u00e9ation est un tr\u00e8s fort moment d\u2019apprentissage dans la journ\u00e9e d\u2019un enfant !   <\/span><\/p>\n<p class=\"_04xlpA direction-ltr align-start para-style-body\"><span class=\"S1PPyQ\">On rentre en classe, un enfant a du chagrin, il est consol\u00e9 par l\u2019assistante. La ma\u00eetresse nous lit une histoire, qui parle d\u2019un \u00e9l\u00e9phant et d\u2019un escargot qui se bagarrent, puis qui deviennent des amis. On rejoue l\u2019histoire avec des peluches, et on en parle, pour bien comprendre ce que chacun dit, ce que chacun ressent, si l\u2019un a plus raison que l\u2019autre, ce qu\u2019on peut faire quand il y a une dispute. \u00c7a ressemble un peu \u00e0 ce qui se passait l\u2019autre jour dans la cour entre Leo et Lea\u2026    <\/span><span class=\"S1PPyQ\">Au-del\u00e0 de la r\u00e9solution de conflits au moment o\u00f9 ils se d\u00e9roulent, l\u2019enseignante propose des albums et sayn\u00e8tes pour accompagner les enfants dans leur capacit\u00e9 \u00e0 identifier leurs \u00e9motions et leurs sentiments, puis \u00e0 les exprimer verbalement. Au travers de ces histoires, l\u2019enfant peut sereinement s\u2019identifier aux personnages et situations, tout en \u00e9tant en compl\u00e8te s\u00e9curit\u00e9 affective et cognitive puisqu\u2019il n\u2019est pas personnellement \u00e9motionnellement impliqu\u00e9 dans l\u2019histoire. En apprenant \u00e0 se d\u00e9centrer, le travail sur l\u2019empathie donne \u00e0 l\u2019enfant l\u2019acc\u00e8s au monde d&rsquo;un autre, avec des connaissances, ses intentions, ses r\u00e9actions : le monde n\u2019est pas uniquement ce qu\u2019on voit autour de soi, c\u2019est aussi ce que racontent les autres, les livres, l\u2019\u00e9cole ! L\u2019enseignante est attentive \u00e0 ce que tous puissent d\u00e9velopper leur estime de soi, s\u2019entraider et partager avec les autres.   <\/span><\/p>\n<p class=\"_04xlpA direction-ltr align-start para-style-body\"><strong><span class=\"S1PPyQ\">Le lien entre l\u2019\u00e9cole et la maison<\/span><\/strong><\/p>\n<p class=\"_04xlpA direction-ltr align-start para-style-body\"><span class=\"S1PPyQ\">C\u2019est la fin de la journ\u00e9e, elle a encore \u00e9t\u00e9 riche en apprentissages, en jeux, en \u00e9changes, en \u00e9motions. Nous avons rang\u00e9 nos affaires, enfil\u00e9 notre manteau, une assistante est venue chercher ceux qui restent \u00e0 l\u2019\u00e9cole ; nous sommes pr\u00eats, c\u2019est bient\u00f4t \u201cl\u2019heure des parents\u201d ! <\/span><\/p>\n<p class=\"_04xlpA direction-ltr align-start para-style-body\"><span class=\"S1PPyQ\">Les temps de transition ont une dimension \u00e9ducative forte ; pour la derni\u00e8re routine de la journ\u00e9e d\u2019\u00e9cole, qui a la particularit\u00e9 d\u2019\u00eatre partag\u00e9e avec la famille, les enseignantes proposent aux enfants des rep\u00e8res pour cl\u00f4re la journ\u00e9e d\u2019\u00e9cole et accompagner le retour \u00e0 la vie en famille : se rem\u00e9morer ce qu\u2019on a fait\/appris dans la journ\u00e9e, anticiper ce que sera fait le jour suivant, demander qui vient chercher l\u2019enfant, accueillir la parole qui nous explique \u201cce qu\u2019il va faire maintenant\u201d. Cet accompagnement \u00e0 la transition peut \u00eatre poursuivi en famille, en demandant \u00e0 l\u2019enfant de raconter \u201cune belle chose qui lui est arriv\u00e9e dans la journ\u00e9e\u201d ; il ne s\u2019agit pas de nier les situations difficiles, mais d\u2019apprendre \u00e0 diff\u00e9rencier le \u201cgrave\u201d du \u201cmoins grave\u201d, et mettre en avant les moments heureux, qu\u2019ils soient de classe, de cour, de cantine\u2026 Ce moment d\u2019\u00e9changes, s\u2019il est ritualis\u00e9, lui apprendra \u00e0 reconna\u00eetre et retenir ces moments pour pouvoir ensuite les partager avec vous, et vous pourrez d\u00e9couvrir le bonheur de votre enfant \u00e0 l\u2019\u00e9cole\u2026 Rituel \u00e0 poursuivre bien au-del\u00e0 de la maternelle ! <\/span><\/p>\n<p><br><\/p>\t\t\t\t\t\t\t\t<\/div>\n\t\t\t\t<\/div>\n\t\t\t\t\t<\/div>\n\t\t<\/div>\n\t\t\t\t\t<\/div>\n\t\t<\/section>\n\t\t\t\t<\/div>\n\t\t","protected":false},"excerpt":{"rendered":"<p>Une journ\u00e9e en maternelle Un c\u00e2lin, un dernier bisou, la ma\u00eetresse d\u00e9j\u00e0 en train d\u2019accueillir votre enfant, vous nous confiez votre enfant pour la journ\u00e9e d\u2019\u00e9cole qui s\u2019ouvre \u00e0 lui\u2026 Bienvenue, le temps d\u2019une lecture, dans quelques \u00e9l\u00e9ments de son quotidien, point de vue de d\u2019enfant, point de vue d\u2019\u00e9ducateur ! Des routines pour grandir [&hellip;]<\/p>\n","protected":false},"author":5,"featured_media":3342,"comment_status":"closed","ping_status":"closed","sticky":false,"template":"elementor_header_footer","format":"standard","meta":{"footnotes":""},"categories":[41,40],"tags":[],"class_list":["post-4394","post","type-post","status-publish","format-standard","has-post-thumbnail","hentry","category-leducation","category-tous"],"yoast_head":"<!-- This site is optimized with the Yoast SEO Premium plugin v21.8 (Yoast SEO v27.2) - https:\/\/yoast.com\/product\/yoast-seo-premium-wordpress\/ -->\n<title>Une journ\u00e9e en maternelle | Lyc\u00e9e Fran\u00e7ais International Moli\u00e8re<\/title>\n<meta name=\"description\" content=\"Descubre toda la informaci\u00f3n de &quot;Une journ\u00e9e en maternelle&quot;. \u00a1Educaci\u00f3n francesa de calidad con una visi\u00f3n internacional!\" \/>\n<meta name=\"robots\" content=\"index, follow, max-snippet:-1, max-image-preview:large, max-video-preview:-1\" \/>\n<link rel=\"canonical\" href=\"https:\/\/liceofrancesmoliere.es\/fr\/une-journee-en-maternelle\/\" \/>\n<meta property=\"og:locale\" content=\"fr_FR\" \/>\n<meta property=\"og:type\" content=\"article\" \/>\n<meta property=\"og:title\" content=\"Une journ\u00e9e en maternelle\" \/>\n<meta property=\"og:description\" content=\"Descubre toda la informaci\u00f3n de &quot;Une journ\u00e9e en maternelle&quot;. \u00a1Educaci\u00f3n francesa de calidad con una visi\u00f3n internacional!\" \/>\n<meta property=\"og:url\" content=\"https:\/\/liceofrancesmoliere.es\/fr\/une-journee-en-maternelle\/\" \/>\n<meta property=\"og:site_name\" content=\"Lyc\u00e9e Fran\u00e7ais International Moli\u00e8re\" \/>\n<meta property=\"article:publisher\" content=\"https:\/\/www.facebook.com\/lyceefrancaismoliere\" \/>\n<meta property=\"article:published_time\" content=\"2023-03-03T14:22:04+00:00\" \/>\n<meta property=\"article:modified_time\" content=\"2024-12-16T19:01:56+00:00\" \/>\n<meta property=\"og:image\" content=\"https:\/\/liceofrancesmoliere.es\/wp-content\/uploads\/2023\/03\/Blog-lfimoliere.jpg\" \/>\n\t<meta property=\"og:image:width\" content=\"1600\" \/>\n\t<meta property=\"og:image:height\" content=\"1068\" \/>\n\t<meta property=\"og:image:type\" content=\"image\/jpeg\" \/>\n<meta name=\"author\" content=\"Lyc\u00e9e Fran\u00e7ais International Moli\u00e8re\" \/>\n<meta name=\"twitter:card\" content=\"summary_large_image\" \/>\n<meta name=\"twitter:creator\" content=\"@lfimoliere\" \/>\n<meta name=\"twitter:site\" content=\"@lfimoliere\" \/>\n<meta name=\"twitter:label1\" content=\"\u00c9crit par\" \/>\n\t<meta name=\"twitter:data1\" content=\"Lyc\u00e9e Fran\u00e7ais International Moli\u00e8re\" \/>\n\t<meta name=\"twitter:label2\" content=\"Dur\u00e9e de lecture estim\u00e9e\" \/>\n\t<meta name=\"twitter:data2\" content=\"7 minutes\" \/>\n<script type=\"application\/ld+json\" class=\"yoast-schema-graph\">{\"@context\":\"https:\/\/schema.org\",\"@graph\":[{\"@type\":\"Article\",\"@id\":\"https:\/\/liceofrancesmoliere.es\/fr\/une-journee-en-maternelle\/#article\",\"isPartOf\":{\"@id\":\"https:\/\/liceofrancesmoliere.es\/fr\/une-journee-en-maternelle\/\"},\"author\":{\"name\":\"Lyc\u00e9e Fran\u00e7ais International Moli\u00e8re\",\"@id\":\"https:\/\/liceofrancesmoliere.es\/fr\/#\/schema\/person\/c5ad9a6029a645c903a5fe693823a9ba\"},\"headline\":\"Une journ\u00e9e en maternelle\",\"datePublished\":\"2023-03-03T14:22:04+00:00\",\"dateModified\":\"2024-12-16T19:01:56+00:00\",\"mainEntityOfPage\":{\"@id\":\"https:\/\/liceofrancesmoliere.es\/fr\/une-journee-en-maternelle\/\"},\"wordCount\":1441,\"publisher\":{\"@id\":\"https:\/\/liceofrancesmoliere.es\/fr\/#organization\"},\"image\":{\"@id\":\"https:\/\/liceofrancesmoliere.es\/fr\/une-journee-en-maternelle\/#primaryimage\"},\"thumbnailUrl\":\"https:\/\/liceofrancesmoliere.es\/wp-content\/uploads\/2023\/03\/Blog-lfimoliere.jpg\",\"articleSection\":[\"L'\u00e9ducation\",\"Tous\"],\"inLanguage\":\"fr-FR\"},{\"@type\":\"WebPage\",\"@id\":\"https:\/\/liceofrancesmoliere.es\/fr\/une-journee-en-maternelle\/\",\"url\":\"https:\/\/liceofrancesmoliere.es\/fr\/une-journee-en-maternelle\/\",\"name\":\"Une journ\u00e9e en maternelle | Lyc\u00e9e Fran\u00e7ais International Moli\u00e8re\",\"isPartOf\":{\"@id\":\"https:\/\/liceofrancesmoliere.es\/fr\/#website\"},\"primaryImageOfPage\":{\"@id\":\"https:\/\/liceofrancesmoliere.es\/fr\/une-journee-en-maternelle\/#primaryimage\"},\"image\":{\"@id\":\"https:\/\/liceofrancesmoliere.es\/fr\/une-journee-en-maternelle\/#primaryimage\"},\"thumbnailUrl\":\"https:\/\/liceofrancesmoliere.es\/wp-content\/uploads\/2023\/03\/Blog-lfimoliere.jpg\",\"datePublished\":\"2023-03-03T14:22:04+00:00\",\"dateModified\":\"2024-12-16T19:01:56+00:00\",\"description\":\"Descubre toda la informaci\u00f3n de \\\"Une journ\u00e9e en maternelle\\\". \u00a1Educaci\u00f3n francesa de calidad con una visi\u00f3n internacional!\",\"breadcrumb\":{\"@id\":\"https:\/\/liceofrancesmoliere.es\/fr\/une-journee-en-maternelle\/#breadcrumb\"},\"inLanguage\":\"fr-FR\",\"potentialAction\":[{\"@type\":\"ReadAction\",\"target\":[\"https:\/\/liceofrancesmoliere.es\/fr\/une-journee-en-maternelle\/\"]}]},{\"@type\":\"ImageObject\",\"inLanguage\":\"fr-FR\",\"@id\":\"https:\/\/liceofrancesmoliere.es\/fr\/une-journee-en-maternelle\/#primaryimage\",\"url\":\"https:\/\/liceofrancesmoliere.es\/wp-content\/uploads\/2023\/03\/Blog-lfimoliere.jpg\",\"contentUrl\":\"https:\/\/liceofrancesmoliere.es\/wp-content\/uploads\/2023\/03\/Blog-lfimoliere.jpg\",\"width\":1600,\"height\":1068},{\"@type\":\"BreadcrumbList\",\"@id\":\"https:\/\/liceofrancesmoliere.es\/fr\/une-journee-en-maternelle\/#breadcrumb\",\"itemListElement\":[{\"@type\":\"ListItem\",\"position\":1,\"name\":\"Portada\",\"item\":\"https:\/\/liceofrancesmoliere.es\/fr\/\"},{\"@type\":\"ListItem\",\"position\":2,\"name\":\"Une journ\u00e9e en maternelle\"}]},{\"@type\":\"WebSite\",\"@id\":\"https:\/\/liceofrancesmoliere.es\/fr\/#website\",\"url\":\"https:\/\/liceofrancesmoliere.es\/fr\/\",\"name\":\"Lyc\u00e9e Fran\u00e7ais International Moli\u00e8re\",\"description\":\"Colegio franc\u00e9s Internacional trinling\u00fce\",\"publisher\":{\"@id\":\"https:\/\/liceofrancesmoliere.es\/fr\/#organization\"},\"alternateName\":\"LFIM Villanueva de la Ca\u00f1ada\",\"potentialAction\":[{\"@type\":\"SearchAction\",\"target\":{\"@type\":\"EntryPoint\",\"urlTemplate\":\"https:\/\/liceofrancesmoliere.es\/fr\/?s={search_term_string}\"},\"query-input\":{\"@type\":\"PropertyValueSpecification\",\"valueRequired\":true,\"valueName\":\"search_term_string\"}}],\"inLanguage\":\"fr-FR\"},{\"@type\":\"Organization\",\"@id\":\"https:\/\/liceofrancesmoliere.es\/fr\/#organization\",\"name\":\"Lyc\u00e9e Fran\u00e7ais International Moli\u00e8re, Villanueva de la Ca\u00f1ada\",\"alternateName\":\"LFIM Villanueva de la Ca\u00f1ada\",\"url\":\"https:\/\/liceofrancesmoliere.es\/fr\/\",\"logo\":{\"@type\":\"ImageObject\",\"inLanguage\":\"fr-FR\",\"@id\":\"https:\/\/liceofrancesmoliere.es\/fr\/#\/schema\/logo\/image\/\",\"url\":\"https:\/\/liceofrancesmoliere.es\/wp-content\/uploads\/Logo-web-nueva-color-correcto.png\",\"contentUrl\":\"https:\/\/liceofrancesmoliere.es\/wp-content\/uploads\/Logo-web-nueva-color-correcto.png\",\"width\":184,\"height\":61,\"caption\":\"Lyc\u00e9e Fran\u00e7ais International Moli\u00e8re, Villanueva de la Ca\u00f1ada\"},\"image\":{\"@id\":\"https:\/\/liceofrancesmoliere.es\/fr\/#\/schema\/logo\/image\/\"},\"sameAs\":[\"https:\/\/www.facebook.com\/lyceefrancaismoliere\",\"https:\/\/x.com\/lfimoliere\",\"https:\/\/www.instagram.com\/lyceefrancaismoliere\/\",\"https:\/\/www.youtube.com\/user\/LyceeMoliereVVA\",\"https:\/\/www.linkedin.com\/in\/lfimoliere\/\"]},{\"@type\":\"Person\",\"@id\":\"https:\/\/liceofrancesmoliere.es\/fr\/#\/schema\/person\/c5ad9a6029a645c903a5fe693823a9ba\",\"name\":\"Lyc\u00e9e Fran\u00e7ais International Moli\u00e8re\",\"image\":{\"@type\":\"ImageObject\",\"inLanguage\":\"fr-FR\",\"@id\":\"https:\/\/liceofrancesmoliere.es\/wp-content\/litespeed\/avatar\/e32852083fea09cf04273b3b4bfb33b0.jpg?ver=1777295926\",\"url\":\"https:\/\/liceofrancesmoliere.es\/wp-content\/litespeed\/avatar\/e32852083fea09cf04273b3b4bfb33b0.jpg?ver=1777295926\",\"contentUrl\":\"https:\/\/liceofrancesmoliere.es\/wp-content\/litespeed\/avatar\/e32852083fea09cf04273b3b4bfb33b0.jpg?ver=1777295926\",\"caption\":\"Lyc\u00e9e Fran\u00e7ais International Moli\u00e8re\"},\"sameAs\":[\"https:\/\/liceofrancesmoliere.es\/\"],\"url\":\"https:\/\/liceofrancesmoliere.es\/fr\/author\/beatriz_dircom\/\"}]}<\/script>\n<!-- \/ Yoast SEO Premium plugin. -->","yoast_head_json":{"title":"Une journ\u00e9e en maternelle | Lyc\u00e9e Fran\u00e7ais International Moli\u00e8re","description":"Descubre toda la informaci\u00f3n de \"Une journ\u00e9e en maternelle\". \u00a1Educaci\u00f3n francesa de calidad con una visi\u00f3n internacional!","robots":{"index":"index","follow":"follow","max-snippet":"max-snippet:-1","max-image-preview":"max-image-preview:large","max-video-preview":"max-video-preview:-1"},"canonical":"https:\/\/liceofrancesmoliere.es\/fr\/une-journee-en-maternelle\/","og_locale":"fr_FR","og_type":"article","og_title":"Une journ\u00e9e en maternelle","og_description":"Descubre toda la informaci\u00f3n de \"Une journ\u00e9e en maternelle\". \u00a1Educaci\u00f3n francesa de calidad con una visi\u00f3n internacional!","og_url":"https:\/\/liceofrancesmoliere.es\/fr\/une-journee-en-maternelle\/","og_site_name":"Lyc\u00e9e Fran\u00e7ais International Moli\u00e8re","article_publisher":"https:\/\/www.facebook.com\/lyceefrancaismoliere","article_published_time":"2023-03-03T14:22:04+00:00","article_modified_time":"2024-12-16T19:01:56+00:00","og_image":[{"width":1600,"height":1068,"url":"https:\/\/liceofrancesmoliere.es\/wp-content\/uploads\/2023\/03\/Blog-lfimoliere.jpg","type":"image\/jpeg"}],"author":"Lyc\u00e9e Fran\u00e7ais International Moli\u00e8re","twitter_card":"summary_large_image","twitter_creator":"@lfimoliere","twitter_site":"@lfimoliere","twitter_misc":{"\u00c9crit par":"Lyc\u00e9e Fran\u00e7ais International Moli\u00e8re","Dur\u00e9e de lecture estim\u00e9e":"7 minutes"},"schema":{"@context":"https:\/\/schema.org","@graph":[{"@type":"Article","@id":"https:\/\/liceofrancesmoliere.es\/fr\/une-journee-en-maternelle\/#article","isPartOf":{"@id":"https:\/\/liceofrancesmoliere.es\/fr\/une-journee-en-maternelle\/"},"author":{"name":"Lyc\u00e9e Fran\u00e7ais International Moli\u00e8re","@id":"https:\/\/liceofrancesmoliere.es\/fr\/#\/schema\/person\/c5ad9a6029a645c903a5fe693823a9ba"},"headline":"Une journ\u00e9e en maternelle","datePublished":"2023-03-03T14:22:04+00:00","dateModified":"2024-12-16T19:01:56+00:00","mainEntityOfPage":{"@id":"https:\/\/liceofrancesmoliere.es\/fr\/une-journee-en-maternelle\/"},"wordCount":1441,"publisher":{"@id":"https:\/\/liceofrancesmoliere.es\/fr\/#organization"},"image":{"@id":"https:\/\/liceofrancesmoliere.es\/fr\/une-journee-en-maternelle\/#primaryimage"},"thumbnailUrl":"https:\/\/liceofrancesmoliere.es\/wp-content\/uploads\/2023\/03\/Blog-lfimoliere.jpg","articleSection":["L'\u00e9ducation","Tous"],"inLanguage":"fr-FR"},{"@type":"WebPage","@id":"https:\/\/liceofrancesmoliere.es\/fr\/une-journee-en-maternelle\/","url":"https:\/\/liceofrancesmoliere.es\/fr\/une-journee-en-maternelle\/","name":"Une journ\u00e9e en maternelle | Lyc\u00e9e Fran\u00e7ais International Moli\u00e8re","isPartOf":{"@id":"https:\/\/liceofrancesmoliere.es\/fr\/#website"},"primaryImageOfPage":{"@id":"https:\/\/liceofrancesmoliere.es\/fr\/une-journee-en-maternelle\/#primaryimage"},"image":{"@id":"https:\/\/liceofrancesmoliere.es\/fr\/une-journee-en-maternelle\/#primaryimage"},"thumbnailUrl":"https:\/\/liceofrancesmoliere.es\/wp-content\/uploads\/2023\/03\/Blog-lfimoliere.jpg","datePublished":"2023-03-03T14:22:04+00:00","dateModified":"2024-12-16T19:01:56+00:00","description":"Descubre toda la informaci\u00f3n de \"Une journ\u00e9e en maternelle\". \u00a1Educaci\u00f3n francesa de calidad con una visi\u00f3n internacional!","breadcrumb":{"@id":"https:\/\/liceofrancesmoliere.es\/fr\/une-journee-en-maternelle\/#breadcrumb"},"inLanguage":"fr-FR","potentialAction":[{"@type":"ReadAction","target":["https:\/\/liceofrancesmoliere.es\/fr\/une-journee-en-maternelle\/"]}]},{"@type":"ImageObject","inLanguage":"fr-FR","@id":"https:\/\/liceofrancesmoliere.es\/fr\/une-journee-en-maternelle\/#primaryimage","url":"https:\/\/liceofrancesmoliere.es\/wp-content\/uploads\/2023\/03\/Blog-lfimoliere.jpg","contentUrl":"https:\/\/liceofrancesmoliere.es\/wp-content\/uploads\/2023\/03\/Blog-lfimoliere.jpg","width":1600,"height":1068},{"@type":"BreadcrumbList","@id":"https:\/\/liceofrancesmoliere.es\/fr\/une-journee-en-maternelle\/#breadcrumb","itemListElement":[{"@type":"ListItem","position":1,"name":"Portada","item":"https:\/\/liceofrancesmoliere.es\/fr\/"},{"@type":"ListItem","position":2,"name":"Une journ\u00e9e en maternelle"}]},{"@type":"WebSite","@id":"https:\/\/liceofrancesmoliere.es\/fr\/#website","url":"https:\/\/liceofrancesmoliere.es\/fr\/","name":"Lyc\u00e9e Fran\u00e7ais International Moli\u00e8re","description":"Colegio franc\u00e9s Internacional trinling\u00fce","publisher":{"@id":"https:\/\/liceofrancesmoliere.es\/fr\/#organization"},"alternateName":"LFIM Villanueva de la Ca\u00f1ada","potentialAction":[{"@type":"SearchAction","target":{"@type":"EntryPoint","urlTemplate":"https:\/\/liceofrancesmoliere.es\/fr\/?s={search_term_string}"},"query-input":{"@type":"PropertyValueSpecification","valueRequired":true,"valueName":"search_term_string"}}],"inLanguage":"fr-FR"},{"@type":"Organization","@id":"https:\/\/liceofrancesmoliere.es\/fr\/#organization","name":"Lyc\u00e9e Fran\u00e7ais International Moli\u00e8re, Villanueva de la Ca\u00f1ada","alternateName":"LFIM Villanueva de la Ca\u00f1ada","url":"https:\/\/liceofrancesmoliere.es\/fr\/","logo":{"@type":"ImageObject","inLanguage":"fr-FR","@id":"https:\/\/liceofrancesmoliere.es\/fr\/#\/schema\/logo\/image\/","url":"https:\/\/liceofrancesmoliere.es\/wp-content\/uploads\/Logo-web-nueva-color-correcto.png","contentUrl":"https:\/\/liceofrancesmoliere.es\/wp-content\/uploads\/Logo-web-nueva-color-correcto.png","width":184,"height":61,"caption":"Lyc\u00e9e Fran\u00e7ais International Moli\u00e8re, Villanueva de la Ca\u00f1ada"},"image":{"@id":"https:\/\/liceofrancesmoliere.es\/fr\/#\/schema\/logo\/image\/"},"sameAs":["https:\/\/www.facebook.com\/lyceefrancaismoliere","https:\/\/x.com\/lfimoliere","https:\/\/www.instagram.com\/lyceefrancaismoliere\/","https:\/\/www.youtube.com\/user\/LyceeMoliereVVA","https:\/\/www.linkedin.com\/in\/lfimoliere\/"]},{"@type":"Person","@id":"https:\/\/liceofrancesmoliere.es\/fr\/#\/schema\/person\/c5ad9a6029a645c903a5fe693823a9ba","name":"Lyc\u00e9e Fran\u00e7ais International Moli\u00e8re","image":{"@type":"ImageObject","inLanguage":"fr-FR","@id":"https:\/\/liceofrancesmoliere.es\/wp-content\/litespeed\/avatar\/e32852083fea09cf04273b3b4bfb33b0.jpg?ver=1777295926","url":"https:\/\/liceofrancesmoliere.es\/wp-content\/litespeed\/avatar\/e32852083fea09cf04273b3b4bfb33b0.jpg?ver=1777295926","contentUrl":"https:\/\/liceofrancesmoliere.es\/wp-content\/litespeed\/avatar\/e32852083fea09cf04273b3b4bfb33b0.jpg?ver=1777295926","caption":"Lyc\u00e9e Fran\u00e7ais International Moli\u00e8re"},"sameAs":["https:\/\/liceofrancesmoliere.es\/"],"url":"https:\/\/liceofrancesmoliere.es\/fr\/author\/beatriz_dircom\/"}]}},"_links":{"self":[{"href":"https:\/\/liceofrancesmoliere.es\/fr\/wp-json\/wp\/v2\/posts\/4394","targetHints":{"allow":["GET"]}}],"collection":[{"href":"https:\/\/liceofrancesmoliere.es\/fr\/wp-json\/wp\/v2\/posts"}],"about":[{"href":"https:\/\/liceofrancesmoliere.es\/fr\/wp-json\/wp\/v2\/types\/post"}],"author":[{"embeddable":true,"href":"https:\/\/liceofrancesmoliere.es\/fr\/wp-json\/wp\/v2\/users\/5"}],"replies":[{"embeddable":true,"href":"https:\/\/liceofrancesmoliere.es\/fr\/wp-json\/wp\/v2\/comments?post=4394"}],"version-history":[{"count":5,"href":"https:\/\/liceofrancesmoliere.es\/fr\/wp-json\/wp\/v2\/posts\/4394\/revisions"}],"predecessor-version":[{"id":12480,"href":"https:\/\/liceofrancesmoliere.es\/fr\/wp-json\/wp\/v2\/posts\/4394\/revisions\/12480"}],"wp:featuredmedia":[{"embeddable":true,"href":"https:\/\/liceofrancesmoliere.es\/fr\/wp-json\/wp\/v2\/media\/3342"}],"wp:attachment":[{"href":"https:\/\/liceofrancesmoliere.es\/fr\/wp-json\/wp\/v2\/media?parent=4394"}],"wp:term":[{"taxonomy":"category","embeddable":true,"href":"https:\/\/liceofrancesmoliere.es\/fr\/wp-json\/wp\/v2\/categories?post=4394"},{"taxonomy":"post_tag","embeddable":true,"href":"https:\/\/liceofrancesmoliere.es\/fr\/wp-json\/wp\/v2\/tags?post=4394"}],"curies":[{"name":"wp","href":"https:\/\/api.w.org\/{rel}","templated":true}]}}